{"id":830,"date":"2022-10-19T17:06:35","date_gmt":"2022-10-19T17:06:35","guid":{"rendered":"https:\/\/af-ri.fr\/?p=830"},"modified":"2022-10-19T17:27:11","modified_gmt":"2022-10-19T17:27:11","slug":"feerarissime-2022-2","status":"publish","type":"post","link":"https:\/\/af-ri.fr\/?p=830","title":{"rendered":"Diagonale des Fous avec Catherine Laval Tuesta"},"content":{"rendered":"\t\t<div data-elementor-type=\"wp-post\" data-elementor-id=\"830\" class=\"elementor elementor-830\">\n\t\t\t\t\t\t<section class=\"elementor-section elementor-top-section elementor-element elementor-element-a625fb3 elementor-section-full_width elementor-section-height-min-height elementor-section-height-default elementor-section-items-middle\" data-id=\"a625fb3\" data-element_type=\"section\" data-e-type=\"section\" data-settings=\"{&quot;background_background&quot;:&quot;classic&quot;}\">\n\t\t\t\t\t\t<div class=\"elementor-container elementor-column-gap-default\">\n\t\t\t\t\t<div class=\"elementor-column elementor-col-100 elementor-top-column elementor-element elementor-element-2a9104d\" data-id=\"2a9104d\" data-element_type=\"column\" data-e-type=\"column\">\n\t\t\t<div class=\"elementor-widget-wrap elementor-element-populated\">\n\t\t\t\t\t\t<div class=\"elementor-element elementor-element-3b425e4 elementor-widget elementor-widget-heading\" data-id=\"3b425e4\" data-element_type=\"widget\" data-e-type=\"widget\" data-widget_type=\"heading.default\">\n\t\t\t\t<div class=\"elementor-widget-container\">\n\t\t\t\t\t<h2 class=\"elementor-heading-title elementor-size-default\">Diagonale des Fous avec Catherine Laval Tuesta<\/h2>\t\t\t\t<\/div>\n\t\t\t\t<\/div>\n\t\t\t\t\t<\/div>\n\t\t<\/div>\n\t\t\t\t\t<\/div>\n\t\t<\/section>\n\t\t\t\t<section class=\"elementor-section elementor-top-section elementor-element elementor-element-3b0ae0c elementor-section-boxed elementor-section-height-default elementor-section-height-default\" data-id=\"3b0ae0c\" data-element_type=\"section\" data-e-type=\"section\">\n\t\t\t\t\t\t<div class=\"elementor-container elementor-column-gap-default\">\n\t\t\t\t\t<div class=\"elementor-column elementor-col-100 elementor-top-column elementor-element elementor-element-c7d0e7d\" data-id=\"c7d0e7d\" data-element_type=\"column\" data-e-type=\"column\">\n\t\t\t<div class=\"elementor-widget-wrap elementor-element-populated\">\n\t\t\t\t\t\t<div class=\"elementor-element elementor-element-f36d4e1 elementor-widget elementor-widget-text-editor\" data-id=\"f36d4e1\" data-element_type=\"widget\" data-e-type=\"widget\" data-widget_type=\"text-editor.default\">\n\t\t\t\t<div class=\"elementor-widget-container\">\n\t\t\t\t\t\t\t\t\t<div class=\"xdj266r x11i5rnm xat24cr x1mh8g0r x1vvkbs x126k92a\" style=\"margin: 0px; white-space: pre-wrap; overflow-wrap: break-word; font-family: 'Segoe UI Historic', 'Segoe UI', Helvetica, Arial, sans-serif; color: #050505; text-align: left;\"><div dir=\"auto\" style=\"font-family: inherit;\"><p><span style=\"font-style: inherit; font-weight: inherit; font-family: inherit; background-color: var(--ast-global-color-5);\">Les R\u00e9flexologues de l&rsquo;A.F.R.I. s&rsquo;investissent sur le Terrain.<\/span><\/p><\/div><\/div><div class=\"x11i5rnm xat24cr x1mh8g0r x1vvkbs xtlvy1s x126k92a\" style=\"margin: 0.5em 0px 0px; white-space: pre-wrap; overflow-wrap: break-word; font-family: 'Segoe UI Historic', 'Segoe UI', Helvetica, Arial, sans-serif; color: #050505; text-align: left;\"><div dir=\"auto\" style=\"font-family: inherit;\">Notre r\u00e9flexologue <span style=\"font-family: inherit;\"><a class=\"x1i10hfl xjbqb8w x6umtig x1b1mbwd xaqea5y xav7gou x9f619 x1ypdohk xt0psk2 xe8uvvx xdj266r x11i5rnm xat24cr x1mh8g0r xexx8yu x4uap5 x18d9i69 xkhd6sd x16tdsg8 x1hl2dhg xggy1nq x1a2a7pz xt0b8zv x1qq9wsj xo1l8bm\" style=\"color: var(--accent); cursor: pointer; text-decoration-line: none; outline: none; list-style: none; margin: 0px; text-align: inherit; padding: 0px; -webkit-tap-highlight-color: transparent; touch-action: manipulation; display: inline; font-family: inherit; border: 0px initial initial;\" tabindex=\"0\" role=\"link\" href=\"https:\/\/www.facebook.com\/catherine.lavaltuesta?__cft__[0]=AZXXCp0lKpNOYB9tIw-3x3KtocmcewCgi-I1JQNSanextbXcrtwCVn8hBetMJxflR2QlFbcqQdu7vRmKkClqL3LQAb9YhESu4NsZ-fbt2hO_ul_L2pfo_lrS4N4P1Mf8z9j_piDQh2nxa9_Kul48q0Q5&amp;__tn__=-]K-R\">Catherine Laval Tuesta<\/a><\/span> en directe de la r\u00e9union, elle fait partie du staff m\u00e9dical de la Diagonale des fous ou elle proposera des s\u00e9ances de r\u00e9flexologie combin\u00e9e m\u00e9thode Fischmann aux participants.<\/div><\/div><div class=\"x11i5rnm xat24cr x1mh8g0r x1vvkbs xtlvy1s x126k92a\" style=\"margin: 0.5em 0px 0px; white-space: pre-wrap; overflow-wrap: break-word; font-family: 'Segoe UI Historic', 'Segoe UI', Helvetica, Arial, sans-serif; color: #050505; text-align: left;\"><div dir=\"auto\" style=\"font-family: inherit;\"><span style=\"font-family: inherit; font-weight: var( --e-global-typography-text-font-weight ); background-color: var(--ast-global-color-5); font-size: 1rem;\">L&rsquo;A.F.R.I. soutien au quotidien ces membres sur le terrain afin de faire d\u00e9couvrir les bienfaits de la r\u00e9flexologie.<\/span><\/div><\/div><div class=\"x11i5rnm xat24cr x1mh8g0r x1vvkbs xtlvy1s x126k92a\" style=\"margin: 0.5em 0px 0px; white-space: pre-wrap; overflow-wrap: break-word; font-family: 'Segoe UI Historic', 'Segoe UI', Helvetica, Arial, sans-serif; color: #050505; text-align: left;\"><a class=\"x1i10hfl xjbqb8w x6umtig x1b1mbwd xaqea5y xav7gou x9f619 x1ypdohk xt0psk2 xe8uvvx xdj266r x11i5rnm xat24cr x1mh8g0r xexx8yu x4uap5 x18d9i69 xkhd6sd x16tdsg8 x1hl2dhg xggy1nq x1a2a7pz xt0b8zv x1fey0fg\" style=\"font-family: inherit; text-align: inherit; font-weight: var( --e-global-typography-text-font-weight ); font-size: 1rem; color: var(--blue-link); cursor: pointer; text-decoration-line: none; outline: none; list-style: none; margin: 0px; padding: 0px; -webkit-tap-highlight-color: transparent; touch-action: manipulation; display: inline;\" tabindex=\"0\" role=\"link\" href=\"http:\/\/www.af-ri.fr\/?fbclid=IwAR0jtWezPpA0jtzfxe6g_OEiOw8TNKLJdBJNgK6UO2n3deJf5BjaxAdFhLU\" target=\"_blank\" rel=\"nofollow noopener\">www.af-ri.fr<\/a><\/div><div class=\"x11i5rnm xat24cr x1mh8g0r x1vvkbs xtlvy1s x126k92a\" style=\"margin: 0.5em 0px 0px; white-space: pre-wrap; overflow-wrap: break-word; font-family: 'Segoe UI Historic', 'Segoe UI', Helvetica, Arial, sans-serif; color: #050505; text-align: left;\"><div dir=\"auto\" style=\"font-family: inherit;\">mail : contact@af-ri.fr<\/div><div dir=\"auto\" style=\"font-family: inherit;\">Tel 06.50.05.77.55<\/div><\/div>\t\t\t\t\t\t\t\t<\/div>\n\t\t\t\t<\/div>\n\t\t\t\t\t<\/div>\n\t\t<\/div>\n\t\t\t\t\t<\/div>\n\t\t<\/section>\n\t\t\t\t<section class=\"elementor-section elementor-top-section elementor-element elementor-element-dab46ca elementor-section-boxed elementor-section-height-default elementor-section-height-default\" data-id=\"dab46ca\" data-element_type=\"section\" data-e-type=\"section\">\n\t\t\t\t\t\t<div class=\"elementor-container elementor-column-gap-default\">\n\t\t\t\t\t<div class=\"elementor-column elementor-col-100 elementor-top-column elementor-element elementor-element-ac70f48\" data-id=\"ac70f48\" data-element_type=\"column\" data-e-type=\"column\">\n\t\t\t<div class=\"elementor-widget-wrap elementor-element-populated\">\n\t\t\t\t\t\t<div class=\"elementor-element elementor-element-0c2de1a elementor-widget elementor-widget-video\" data-id=\"0c2de1a\" data-element_type=\"widget\" data-e-type=\"widget\" data-settings=\"{&quot;youtube_url&quot;:&quot;https:\\\/\\\/youtu.be\\\/x60xN3KTCHk&quot;,&quot;video_type&quot;:&quot;youtube&quot;,&quot;controls&quot;:&quot;yes&quot;}\" data-widget_type=\"video.default\">\n\t\t\t\t<div class=\"elementor-widget-container\">\n\t\t\t\t\t\t\t<div class=\"elementor-wrapper elementor-open-inline\">\n\t\t\t<div class=\"elementor-video\"><\/div>\t\t<\/div>\n\t\t\t\t\t\t<\/div>\n\t\t\t\t<\/div>\n\t\t\t\t\t<\/div>\n\t\t<\/div>\n\t\t\t\t\t<\/div>\n\t\t<\/section>\n\t\t\t\t<\/div>\n\t\t","protected":false},"excerpt":{"rendered":"<p>Diagonale des Fous avec Catherine Laval Tuesta Les R\u00e9flexologues de l&rsquo;A.F.R.I. s&rsquo;investissent sur le Terrain. Notre r\u00e9flexologue Catherine Laval Tuesta en directe de la r\u00e9union, elle fait partie du staff m\u00e9dical de la Diagonale des fous ou elle proposera des s\u00e9ances de r\u00e9flexologie combin\u00e9e m\u00e9thode Fischmann aux participants.L&rsquo;A.F.R.I. soutien au quotidien ces membres sur le &hellip;<\/p>\n<p class=\"read-more\"> <a class=\"\" href=\"https:\/\/af-ri.fr\/?p=830\"> <span class=\"screen-reader-text\">Diagonale des Fous avec Catherine Laval Tuesta<\/span> Lire la suite\u00a0\u00bb<\/a><\/p>\n","protected":false},"author":2,"featured_media":0,"comment_status":"open","ping_status":"open","sticky":false,"template":"","format":"standard","meta":{"site-sidebar-layout":"default","site-content-layout":"default","ast-global-header-display":"","ast-main-header-display":"","ast-hfb-above-header-display":"","ast-hfb-below-header-display":"","ast-hfb-mobile-header-display":"","site-post-title":"","ast-breadcrumbs-content":"","ast-featured-img":"","footer-sml-layout":"","theme-transparent-header-meta":"","adv-header-id-meta":"","stick-header-meta":"","header-above-stick-meta":"","header-main-stick-meta":"","header-below-stick-meta":"","footnotes":""},"categories":[1],"tags":[],"class_list":["post-830","post","type-post","status-publish","format-standard","hentry","category-uncategorized"],"yoast_head":"<!-- This site is optimized with the Yoast SEO plugin v27.5 - https:\/\/yoast.com\/product\/yoast-seo-wordpress\/ -->\n<title>Diagonale des Fous avec Catherine Laval Tuesta - AFRI<\/title>\n<meta name=\"robots\" content=\"index, follow, max-snippet:-1, max-image-preview:large, max-video-preview:-1\" \/>\n<link rel=\"canonical\" href=\"https:\/\/af-ri.fr\/?p=830\" \/>\n<meta property=\"og:locale\" content=\"fr_FR\" \/>\n<meta property=\"og:type\" content=\"article\" \/>\n<meta property=\"og:title\" content=\"Diagonale des Fous avec Catherine Laval Tuesta - AFRI\" \/>\n<meta property=\"og:description\" content=\"Diagonale des Fous avec Catherine Laval Tuesta Les R\u00e9flexologues de l&rsquo;A.F.R.I. s&rsquo;investissent sur le Terrain. Notre r\u00e9flexologue Catherine Laval Tuesta en directe de la r\u00e9union, elle fait partie du staff m\u00e9dical de la Diagonale des fous ou elle proposera des s\u00e9ances de r\u00e9flexologie combin\u00e9e m\u00e9thode Fischmann aux participants.L&rsquo;A.F.R.I. soutien au quotidien ces membres sur le &hellip; Diagonale des Fous avec Catherine Laval Tuesta Lire la suite\u00a0\u00bb\" \/>\n<meta property=\"og:url\" content=\"https:\/\/af-ri.fr\/?p=830\" \/>\n<meta property=\"og:site_name\" content=\"AFRI\" \/>\n<meta property=\"article:published_time\" content=\"2022-10-19T17:06:35+00:00\" \/>\n<meta property=\"article:modified_time\" content=\"2022-10-19T17:27:11+00:00\" \/>\n<meta name=\"author\" content=\"Lo\u00efc Day\" \/>\n<meta name=\"twitter:card\" content=\"summary_large_image\" \/>\n<meta name=\"twitter:label1\" content=\"\u00c9crit par\" \/>\n\t<meta name=\"twitter:data1\" content=\"Lo\u00efc Day\" \/>\n\t<meta name=\"twitter:label2\" content=\"Dur\u00e9e de lecture estim\u00e9e\" \/>\n\t<meta name=\"twitter:data2\" content=\"1 minute\" \/>\n<script type=\"application\/ld+json\" class=\"yoast-schema-graph\">{\"@context\":\"https:\\\/\\\/schema.org\",\"@graph\":[{\"@type\":\"Article\",\"@id\":\"https:\\\/\\\/af-ri.fr\\\/?p=830#article\",\"isPartOf\":{\"@id\":\"https:\\\/\\\/af-ri.fr\\\/?p=830\"},\"author\":{\"name\":\"Lo\u00efc Day\",\"@id\":\"https:\\\/\\\/af-ri.fr\\\/#\\\/schema\\\/person\\\/6907cdecc5f384f5424b784b66672339\"},\"headline\":\"Diagonale des Fous avec Catherine Laval Tuesta\",\"datePublished\":\"2022-10-19T17:06:35+00:00\",\"dateModified\":\"2022-10-19T17:27:11+00:00\",\"mainEntityOfPage\":{\"@id\":\"https:\\\/\\\/af-ri.fr\\\/?p=830\"},\"wordCount\":112,\"commentCount\":0,\"articleSection\":[\"Uncategorized\"],\"inLanguage\":\"fr-FR\",\"potentialAction\":[{\"@type\":\"CommentAction\",\"name\":\"Comment\",\"target\":[\"https:\\\/\\\/af-ri.fr\\\/?p=830#respond\"]}]},{\"@type\":\"WebPage\",\"@id\":\"https:\\\/\\\/af-ri.fr\\\/?p=830\",\"url\":\"https:\\\/\\\/af-ri.fr\\\/?p=830\",\"name\":\"Diagonale des Fous avec Catherine Laval Tuesta - AFRI\",\"isPartOf\":{\"@id\":\"https:\\\/\\\/af-ri.fr\\\/#website\"},\"datePublished\":\"2022-10-19T17:06:35+00:00\",\"dateModified\":\"2022-10-19T17:27:11+00:00\",\"author\":{\"@id\":\"https:\\\/\\\/af-ri.fr\\\/#\\\/schema\\\/person\\\/6907cdecc5f384f5424b784b66672339\"},\"breadcrumb\":{\"@id\":\"https:\\\/\\\/af-ri.fr\\\/?p=830#breadcrumb\"},\"inLanguage\":\"fr-FR\",\"potentialAction\":[{\"@type\":\"ReadAction\",\"target\":[\"https:\\\/\\\/af-ri.fr\\\/?p=830\"]}]},{\"@type\":\"BreadcrumbList\",\"@id\":\"https:\\\/\\\/af-ri.fr\\\/?p=830#breadcrumb\",\"itemListElement\":[{\"@type\":\"ListItem\",\"position\":1,\"name\":\"Home\",\"item\":\"https:\\\/\\\/af-ri.fr\\\/\"},{\"@type\":\"ListItem\",\"position\":2,\"name\":\"Diagonale des Fous avec Catherine Laval Tuesta\"}]},{\"@type\":\"WebSite\",\"@id\":\"https:\\\/\\\/af-ri.fr\\\/#website\",\"url\":\"https:\\\/\\\/af-ri.fr\\\/\",\"name\":\"AFRI\",\"description\":\"\u2019Association Fran\u00e7aise des R\u00e9flexologues Ind\u00e9pendants\",\"potentialAction\":[{\"@type\":\"SearchAction\",\"target\":{\"@type\":\"EntryPoint\",\"urlTemplate\":\"https:\\\/\\\/af-ri.fr\\\/?s={search_term_string}\"},\"query-input\":{\"@type\":\"PropertyValueSpecification\",\"valueRequired\":true,\"valueName\":\"search_term_string\"}}],\"inLanguage\":\"fr-FR\"},{\"@type\":\"Person\",\"@id\":\"https:\\\/\\\/af-ri.fr\\\/#\\\/schema\\\/person\\\/6907cdecc5f384f5424b784b66672339\",\"name\":\"Lo\u00efc Day\",\"image\":{\"@type\":\"ImageObject\",\"inLanguage\":\"fr-FR\",\"@id\":\"https:\\\/\\\/secure.gravatar.com\\\/avatar\\\/2ef5a379c66d6ff56ee4edb5bea31c963e1b240565a631f9a5de5721302772f4?s=96&d=mm&r=g\",\"url\":\"https:\\\/\\\/secure.gravatar.com\\\/avatar\\\/2ef5a379c66d6ff56ee4edb5bea31c963e1b240565a631f9a5de5721302772f4?s=96&d=mm&r=g\",\"contentUrl\":\"https:\\\/\\\/secure.gravatar.com\\\/avatar\\\/2ef5a379c66d6ff56ee4edb5bea31c963e1b240565a631f9a5de5721302772f4?s=96&d=mm&r=g\",\"caption\":\"Lo\u00efc Day\"},\"sameAs\":[\"http:\\\/\\\/www.af-ri.fr\"],\"url\":\"https:\\\/\\\/af-ri.fr\\\/?author=2\"}]}<\/script>\n<!-- \/ Yoast SEO plugin. -->","yoast_head_json":{"title":"Diagonale des Fous avec Catherine Laval Tuesta - AFRI","robots":{"index":"index","follow":"follow","max-snippet":"max-snippet:-1","max-image-preview":"max-image-preview:large","max-video-preview":"max-video-preview:-1"},"canonical":"https:\/\/af-ri.fr\/?p=830","og_locale":"fr_FR","og_type":"article","og_title":"Diagonale des Fous avec Catherine Laval Tuesta - AFRI","og_description":"Diagonale des Fous avec Catherine Laval Tuesta Les R\u00e9flexologues de l&rsquo;A.F.R.I. s&rsquo;investissent sur le Terrain. Notre r\u00e9flexologue Catherine Laval Tuesta en directe de la r\u00e9union, elle fait partie du staff m\u00e9dical de la Diagonale des fous ou elle proposera des s\u00e9ances de r\u00e9flexologie combin\u00e9e m\u00e9thode Fischmann aux participants.L&rsquo;A.F.R.I. soutien au quotidien ces membres sur le &hellip; Diagonale des Fous avec Catherine Laval Tuesta Lire la suite\u00a0\u00bb","og_url":"https:\/\/af-ri.fr\/?p=830","og_site_name":"AFRI","article_published_time":"2022-10-19T17:06:35+00:00","article_modified_time":"2022-10-19T17:27:11+00:00","author":"Lo\u00efc Day","twitter_card":"summary_large_image","twitter_misc":{"\u00c9crit par":"Lo\u00efc Day","Dur\u00e9e de lecture estim\u00e9e":"1 minute"},"schema":{"@context":"https:\/\/schema.org","@graph":[{"@type":"Article","@id":"https:\/\/af-ri.fr\/?p=830#article","isPartOf":{"@id":"https:\/\/af-ri.fr\/?p=830"},"author":{"name":"Lo\u00efc Day","@id":"https:\/\/af-ri.fr\/#\/schema\/person\/6907cdecc5f384f5424b784b66672339"},"headline":"Diagonale des Fous avec Catherine Laval Tuesta","datePublished":"2022-10-19T17:06:35+00:00","dateModified":"2022-10-19T17:27:11+00:00","mainEntityOfPage":{"@id":"https:\/\/af-ri.fr\/?p=830"},"wordCount":112,"commentCount":0,"articleSection":["Uncategorized"],"inLanguage":"fr-FR","potentialAction":[{"@type":"CommentAction","name":"Comment","target":["https:\/\/af-ri.fr\/?p=830#respond"]}]},{"@type":"WebPage","@id":"https:\/\/af-ri.fr\/?p=830","url":"https:\/\/af-ri.fr\/?p=830","name":"Diagonale des Fous avec Catherine Laval Tuesta - AFRI","isPartOf":{"@id":"https:\/\/af-ri.fr\/#website"},"datePublished":"2022-10-19T17:06:35+00:00","dateModified":"2022-10-19T17:27:11+00:00","author":{"@id":"https:\/\/af-ri.fr\/#\/schema\/person\/6907cdecc5f384f5424b784b66672339"},"breadcrumb":{"@id":"https:\/\/af-ri.fr\/?p=830#breadcrumb"},"inLanguage":"fr-FR","potentialAction":[{"@type":"ReadAction","target":["https:\/\/af-ri.fr\/?p=830"]}]},{"@type":"BreadcrumbList","@id":"https:\/\/af-ri.fr\/?p=830#breadcrumb","itemListElement":[{"@type":"ListItem","position":1,"name":"Home","item":"https:\/\/af-ri.fr\/"},{"@type":"ListItem","position":2,"name":"Diagonale des Fous avec Catherine Laval Tuesta"}]},{"@type":"WebSite","@id":"https:\/\/af-ri.fr\/#website","url":"https:\/\/af-ri.fr\/","name":"AFRI","description":"\u2019Association Fran\u00e7aise des R\u00e9flexologues Ind\u00e9pendants","potentialAction":[{"@type":"SearchAction","target":{"@type":"EntryPoint","urlTemplate":"https:\/\/af-ri.fr\/?s={search_term_string}"},"query-input":{"@type":"PropertyValueSpecification","valueRequired":true,"valueName":"search_term_string"}}],"inLanguage":"fr-FR"},{"@type":"Person","@id":"https:\/\/af-ri.fr\/#\/schema\/person\/6907cdecc5f384f5424b784b66672339","name":"Lo\u00efc Day","image":{"@type":"ImageObject","inLanguage":"fr-FR","@id":"https:\/\/secure.gravatar.com\/avatar\/2ef5a379c66d6ff56ee4edb5bea31c963e1b240565a631f9a5de5721302772f4?s=96&d=mm&r=g","url":"https:\/\/secure.gravatar.com\/avatar\/2ef5a379c66d6ff56ee4edb5bea31c963e1b240565a631f9a5de5721302772f4?s=96&d=mm&r=g","contentUrl":"https:\/\/secure.gravatar.com\/avatar\/2ef5a379c66d6ff56ee4edb5bea31c963e1b240565a631f9a5de5721302772f4?s=96&d=mm&r=g","caption":"Lo\u00efc Day"},"sameAs":["http:\/\/www.af-ri.fr"],"url":"https:\/\/af-ri.fr\/?author=2"}]}},"_links":{"self":[{"href":"https:\/\/af-ri.fr\/index.php?rest_route=\/wp\/v2\/posts\/830","targetHints":{"allow":["GET"]}}],"collection":[{"href":"https:\/\/af-ri.fr\/index.php?rest_route=\/wp\/v2\/posts"}],"about":[{"href":"https:\/\/af-ri.fr\/index.php?rest_route=\/wp\/v2\/types\/post"}],"author":[{"embeddable":true,"href":"https:\/\/af-ri.fr\/index.php?rest_route=\/wp\/v2\/users\/2"}],"replies":[{"embeddable":true,"href":"https:\/\/af-ri.fr\/index.php?rest_route=%2Fwp%2Fv2%2Fcomments&post=830"}],"version-history":[{"count":24,"href":"https:\/\/af-ri.fr\/index.php?rest_route=\/wp\/v2\/posts\/830\/revisions"}],"predecessor-version":[{"id":935,"href":"https:\/\/af-ri.fr\/index.php?rest_route=\/wp\/v2\/posts\/830\/revisions\/935"}],"wp:attachment":[{"href":"https:\/\/af-ri.fr\/index.php?rest_route=%2Fwp%2Fv2%2Fmedia&parent=830"}],"wp:term":[{"taxonomy":"category","embeddable":true,"href":"https:\/\/af-ri.fr\/index.php?rest_route=%2Fwp%2Fv2%2Fcategories&post=830"},{"taxonomy":"post_tag","embeddable":true,"href":"https:\/\/af-ri.fr\/index.php?rest_route=%2Fwp%2Fv2%2Ftags&post=830"}],"curies":[{"name":"wp","href":"https:\/\/api.w.org\/{rel}","templated":true}]}}